{"id":1461,"date":"2018-10-29T17:36:56","date_gmt":"2018-10-29T16:36:56","guid":{"rendered":"http:\/\/stanislas-nice.com\/site\/?p=1461"},"modified":"2019-09-11T14:35:44","modified_gmt":"2019-09-11T13:35:44","slug":"commemoration-du-11-novembre","status":"publish","type":"post","link":"https:\/\/stanislas-nice.com\/site\/commemoration-du-11-novembre\/","title":{"rendered":"COMM\u00c9MORATION DU 11 NOVEMBRE"},"content":{"rendered":"<p><a href=\"http:\/\/stanislas-nice.com\/site\/wp-content\/uploads\/2018\/10\/ANCIENS.jpg\"><img loading=\"lazy\" class=\"size-medium wp-image-1550 aligncenter\" src=\"http:\/\/stanislas-nice.com\/site\/wp-content\/uploads\/2018\/10\/ANCIENS-300x238.jpg\" alt=\"\" width=\"300\" height=\"238\" srcset=\"https:\/\/stanislas-nice.com\/site\/wp-content\/uploads\/2018\/10\/ANCIENS-300x238.jpg 300w, https:\/\/stanislas-nice.com\/site\/wp-content\/uploads\/2018\/10\/ANCIENS.jpg 547w\" sizes=\"(max-width: 300px) 100vw, 300px\" \/><\/a><\/p>\n<p style=\"text-align: justify;\">Nous comm\u00e9morons cette ann\u00e9e le centenaire de l&rsquo;armistice du 11 novembre 1918, qui mit fin \u00e0 la Premi\u00e8re Guerre Mondiale.<\/p>\n<p style=\"text-align: justify;\">Notre communaut\u00e9 doit \u00e0 cette occasion c\u00e9l\u00e9brer le souvenir de ces millions d&rsquo;hommes qui sont partis combattre pour leur patrie, pour leur famille, au risque de leur vie &#8211; et qui, pour beaucoup trop d\u2019entre eux, l&rsquo;ont donn\u00e9e.<\/p>\n<p style=\"text-align: justify;\">Une grande plaque comm\u00e9morative install\u00e9e dans le hall de Stanislas nous rappelle les noms des \u00ab\u00a0Anciens \u00c9l\u00e8ves du Petit S\u00e9minaire puis de l\u2019\u00c9cole Mass\u00e9na Morts pour la Patrie\u00a0\u00bb.<\/p>\n<p><a href=\"http:\/\/stanislas-nice.com\/site\/wp-content\/uploads\/2018\/10\/PLAQUE-COMMEMORATIVE-DEBUT-XX.jpg\"><img loading=\"lazy\" class=\" wp-image-1466 aligncenter\" src=\"http:\/\/stanislas-nice.com\/site\/wp-content\/uploads\/2018\/10\/PLAQUE-COMMEMORATIVE-DEBUT-XX-176x300.jpg\" alt=\"\" width=\"216\" height=\"368\" srcset=\"https:\/\/stanislas-nice.com\/site\/wp-content\/uploads\/2018\/10\/PLAQUE-COMMEMORATIVE-DEBUT-XX-176x300.jpg 176w, https:\/\/stanislas-nice.com\/site\/wp-content\/uploads\/2018\/10\/PLAQUE-COMMEMORATIVE-DEBUT-XX-768x1309.jpg 768w, https:\/\/stanislas-nice.com\/site\/wp-content\/uploads\/2018\/10\/PLAQUE-COMMEMORATIVE-DEBUT-XX-601x1024.jpg 601w, https:\/\/stanislas-nice.com\/site\/wp-content\/uploads\/2018\/10\/PLAQUE-COMMEMORATIVE-DEBUT-XX.jpg 1253w\" sizes=\"(max-width: 216px) 100vw, 216px\" \/><\/a><\/p>\n<p style=\"text-align: justify;\">Une seconde plaque est consacr\u00e9e \u00ab\u00a0Aux Anciens \u00c9l\u00e8ves de Stanislas-Mass\u00e9na morts au Champ d\u2019Honneur 1939-1945 et 1956\u00a0\u00bb.<\/p>\n<p style=\"text-align: justify;\"><a href=\"http:\/\/stanislas-nice.com\/site\/wp-content\/uploads\/2018\/10\/PLAQUE-COMMEMORATIVE-II-GM.jpg\"><img loading=\"lazy\" class=\" wp-image-1465 aligncenter\" src=\"http:\/\/stanislas-nice.com\/site\/wp-content\/uploads\/2018\/10\/PLAQUE-COMMEMORATIVE-II-GM-191x300.jpg\" alt=\"\" width=\"161\" height=\"253\" srcset=\"https:\/\/stanislas-nice.com\/site\/wp-content\/uploads\/2018\/10\/PLAQUE-COMMEMORATIVE-II-GM-191x300.jpg 191w, https:\/\/stanislas-nice.com\/site\/wp-content\/uploads\/2018\/10\/PLAQUE-COMMEMORATIVE-II-GM-768x1207.jpg 768w, https:\/\/stanislas-nice.com\/site\/wp-content\/uploads\/2018\/10\/PLAQUE-COMMEMORATIVE-II-GM-651x1024.jpg 651w, https:\/\/stanislas-nice.com\/site\/wp-content\/uploads\/2018\/10\/PLAQUE-COMMEMORATIVE-II-GM.jpg 799w\" sizes=\"(max-width: 161px) 100vw, 161px\" \/><\/a>Le centenaire du 11 novembre 1918 concerne \u00e9videmment avant tout nos anciens morts pour la France pendant la Premi\u00e8re Guerre Mondiale, mais nous devons honorer \u00e0 cette occasion la m\u00e9moire de l\u2019ensemble de nos anciens qui ont donn\u00e9 leur vie pour notre pays. Ce travail a pour objet de rendre vivant leur souvenir.<\/p>\n<p style=\"text-align: justify;\">Le drapeau du 363<sup>\u00e8me<\/sup> R\u00e9giment d\u2019Infanterie portant le Sacr\u00e9 C\u0153ur \u00e9tait conserv\u00e9 dans les archives de l\u2019association des anciens \u00e9l\u00e8ves de Stanislas Mass\u00e9na.<\/p>\n<p><a href=\"http:\/\/stanislas-nice.com\/site\/wp-content\/uploads\/2018\/10\/20180922_105435-01.jpeg\"><img loading=\"lazy\" class=\" wp-image-1463 aligncenter\" src=\"http:\/\/stanislas-nice.com\/site\/wp-content\/uploads\/2018\/10\/20180922_105435-01-300x298.jpeg\" alt=\"\" width=\"190\" height=\"189\" srcset=\"https:\/\/stanislas-nice.com\/site\/wp-content\/uploads\/2018\/10\/20180922_105435-01-300x298.jpeg 300w, https:\/\/stanislas-nice.com\/site\/wp-content\/uploads\/2018\/10\/20180922_105435-01-150x150.jpeg 150w, https:\/\/stanislas-nice.com\/site\/wp-content\/uploads\/2018\/10\/20180922_105435-01-768x762.jpeg 768w, https:\/\/stanislas-nice.com\/site\/wp-content\/uploads\/2018\/10\/20180922_105435-01-1024x1016.jpeg 1024w\" sizes=\"(max-width: 190px) 100vw, 190px\" \/><\/a><a href=\"http:\/\/stanislas-nice.com\/site\/wp-content\/uploads\/2018\/10\/20180922_105517-01.jpeg\"><img loading=\"lazy\" class=\" wp-image-1464 aligncenter\" src=\"http:\/\/stanislas-nice.com\/site\/wp-content\/uploads\/2018\/10\/20180922_105517-01-300x294.jpeg\" alt=\"\" width=\"191\" height=\"187\" srcset=\"https:\/\/stanislas-nice.com\/site\/wp-content\/uploads\/2018\/10\/20180922_105517-01-300x294.jpeg 300w, https:\/\/stanislas-nice.com\/site\/wp-content\/uploads\/2018\/10\/20180922_105517-01-768x754.jpeg 768w, https:\/\/stanislas-nice.com\/site\/wp-content\/uploads\/2018\/10\/20180922_105517-01-1024x1005.jpeg 1024w\" sizes=\"(max-width: 191px) 100vw, 191px\" \/><\/a><\/p>\n<p style=\"text-align: justify;\">On peut supposer que ce drapeau interdit par l\u2019Etat-Major des Arm\u00e9es en 1917, comme tous ceux qui portaient le Sacr\u00e9-C\u0153ur, fut confi\u00e9 \u00e0 un pr\u00eatre enseignant au sein du coll\u00e8ge Mass\u00e9na, un pr\u00eatre qui accompagnait alors le r\u00e9giment ou en connaissait un des officiers. Ce drapeau est un t\u00e9moignage historique important du sens du sacrifice et de l\u2019Esp\u00e9rance qui portaient ces hommes au milieu de la boue et du sang des tranch\u00e9es.<\/p>\n<p style=\"text-align: center;\"><span style=\"color: #ff0000;\"><strong>VOUS POUVEZ TELECHARGER CI DESSOUS LE DOCUMENT REALISE POUR FAIRE REVIVRE LA MEMOIRE DE CES ANCIENS<\/strong><\/span><\/p>\n<p style=\"text-align: center;\"><a href=\"http:\/\/stanislas-nice.com\/site\/wp-content\/uploads\/2019\/02\/LES-ANCIENS-DU-COLLEGE-STANISLAS-MASSENA-MORTS-POUR-LA-FRANCE-r\u00e9duit.pdf\">LES ANCIENS DU COLLEGE STANISLAS-MASSENA MORTS POUR LA FRANCE<\/a><\/p>\n<p style=\"text-align: justify;\">Merci aux \u00e9l\u00e8ves des Classes de Premi\u00e8re S (2017-2018) et \u00e0 leur professeur, Madame Zeitoun, pour leur important travail de recherche.<\/p>\n<p>BE Faivre<\/p>\n<p>Chef d\u2019\u00c9tablissement<\/p>\n<p>&nbsp;<\/p>\n","protected":false},"excerpt":{"rendered":"<p>\nNous comm\u00e9morons cette ann\u00e9e le centenaire de l&rsquo;armistice du 11 novembre 1918, qui mit fin \u00e0 la Premi\u00e8re Guerre Mondiale.<br \/>\nNotre communaut\u00e9 doit \u00e0 cette occasion c\u00e9l\u00e9brer le souvenir de ces millions d&rsquo;hommes qui sont partis combattre pour leur patrie, pour leur famille, au risque de leur vie &#8211; et qui, pour beaucoup trop d\u2019entre eux, l&rsquo;ont donn\u00e9e.<br \/>\nUne grande plaque comm\u00e9morative install\u00e9e dans le hall de Stanislas nous rappelle les noms des \u00ab\u00a0Anciens \u00c9l\u00e8ves du Petit S\u00e9minaire puis &#8230;<\/p>\n","protected":false},"author":2,"featured_media":1466,"comment_status":"closed","ping_status":"closed","sticky":false,"template":"","format":"standard","meta":{"_links_to":"","_links_to_target":""},"categories":[18],"tags":[],"_links":{"self":[{"href":"https:\/\/stanislas-nice.com\/site\/wp-json\/wp\/v2\/posts\/1461"}],"collection":[{"href":"https:\/\/stanislas-nice.com\/site\/wp-json\/wp\/v2\/posts"}],"about":[{"href":"https:\/\/stanislas-nice.com\/site\/wp-json\/wp\/v2\/types\/post"}],"author":[{"embeddable":true,"href":"https:\/\/stanislas-nice.com\/site\/wp-json\/wp\/v2\/users\/2"}],"replies":[{"embeddable":true,"href":"https:\/\/stanislas-nice.com\/site\/wp-json\/wp\/v2\/comments?post=1461"}],"version-history":[{"count":15,"href":"https:\/\/stanislas-nice.com\/site\/wp-json\/wp\/v2\/posts\/1461\/revisions"}],"predecessor-version":[{"id":2219,"href":"https:\/\/stanislas-nice.com\/site\/wp-json\/wp\/v2\/posts\/1461\/revisions\/2219"}],"wp:featuredmedia":[{"embeddable":true,"href":"https:\/\/stanislas-nice.com\/site\/wp-json\/wp\/v2\/media\/1466"}],"wp:attachment":[{"href":"https:\/\/stanislas-nice.com\/site\/wp-json\/wp\/v2\/media?parent=1461"}],"wp:term":[{"taxonomy":"category","embeddable":true,"href":"https:\/\/stanislas-nice.com\/site\/wp-json\/wp\/v2\/categories?post=1461"},{"taxonomy":"post_tag","embeddable":true,"href":"https:\/\/stanislas-nice.com\/site\/wp-json\/wp\/v2\/tags?post=1461"}],"curies":[{"name":"wp","href":"https:\/\/api.w.org\/{rel}","templated":true}]}}